{"id":1665,"date":"2019-02-17T17:14:00","date_gmt":"2019-02-17T17:14:00","guid":{"rendered":"https:\/\/asten.ee\/?p=1665"},"modified":"2021-10-20T06:46:55","modified_gmt":"2021-10-20T06:46:55","slug":"krahv-bergi-nimeline-innovatsioonipreemia","status":"publish","type":"post","link":"https:\/\/www.asten.ee\/lv\/2019\/02\/17\/krahv-bergi-nimeline-innovatsioonipreemia\/","title":{"rendered":"Krahv Bergi nimeline innovatsioonipreemia"},"content":{"rendered":"<p class=\"has-text-color\" style=\"color: #000000;\">Alates 2017 aastast toimuv innovatsioonipreemia v\u00e4ljaandmine toimus reedel, 15. veebruaril toimus L\u00f5una &#8211; Eestis Sangaste lossis Krahv Bergi nimeline innovatsioonipreemia ning au on t\u00f5deda, et kaheksa projekti seas olime nomineeritud ka meie &#8211; Asteni Mesindus. Mesinikuna k\u00f5igi p\u00f5llumeeste keskel s\u00e4rada oli paras v\u00e4ljakutse ning seekord v\u00f5it mesinike hoovi ei tulnud, aga soovime \u00f5nne Saaremaa maaeluedendajatele &#8211; innovatsioonipreemia laureaadiks sai muldade kasutussobivuse kaardirakendus. <br \/><br \/>Antud \u00fcritusest l\u00e4hemalt saate lugeda Maaeluministeeriumi kodulehelt &#8211; https:\/\/www.agri.ee\/et\/uudised\/krahv-bergi-nimelise-innovatsioonipreemia-palvis-muldade-kasutussobivuse-kaardirakendus<br \/><br \/>Galerii on leitav &#8211; https:\/\/lounapostimees.postimees.ee\/6524420\/galerii-mullakasutuse-kaardirakendus-toi-krahv-bergi-preemia?gallery=267829&amp;image=11791443<br \/><br \/>Sellest hoolimata, siiras r\u00f5\u00f5m on t\u00f5deda, et meie tegemisi ja tooteid on m\u00e4rgatud. S\u00fcgavkummardus koos t\u00e4nudega inimestele, kes meid nomineerisid antud innovatsioonipreemiale ning suured t\u00e4nud k\u00f5ikidele meie klientidele, kes on meiega siiani olnud ja j\u00e4tkavad meie toetamist sel teekonnal. Ait\u00e4h!<br \/><br \/>Antud nominatsioon andis meile usku ja j\u00f5udu tegemaks seda mida t\u00e4nasel p\u00e4eval teeme &#8211; ehk j\u00e4tkame aina uuenduslikema ja mesinikele kasulikumate seadmete arendamist ja v\u00e4lja t\u00f6\u00f6tamist.<\/p><figure class=\"wp-block-image\"><img loading=\"lazy\" decoding=\"async\" width=\"1175\" height=\"766\" class=\"wp-image-1686\" src=\"https:\/\/asten.ee\/wp-content\/uploads\/2019\/02\/Screenshot-2019-02-17-at-20.09.40.png\" alt=\"\" srcset=\"https:\/\/www.asten.ee\/wp-content\/uploads\/2019\/02\/Screenshot-2019-02-17-at-20.09.40.png 1175w, https:\/\/www.asten.ee\/wp-content\/uploads\/2019\/02\/Screenshot-2019-02-17-at-20.09.40-614x400.png 614w, https:\/\/www.asten.ee\/wp-content\/uploads\/2019\/02\/Screenshot-2019-02-17-at-20.09.40-500x326.png 500w, https:\/\/www.asten.ee\/wp-content\/uploads\/2019\/02\/Screenshot-2019-02-17-at-20.09.40-768x501.png 768w\" sizes=\"auto, (max-width: 1175px) 100vw, 1175px\" \/><\/figure><figure class=\"wp-block-image\"><img loading=\"lazy\" decoding=\"async\" width=\"1400\" height=\"717\" class=\"wp-image-1288\" src=\"https:\/\/asten.ee\/wp-content\/uploads\/2019\/01\/liin-1400x717.jpg\" alt=\"\" srcset=\"https:\/\/www.asten.ee\/wp-content\/uploads\/2019\/01\/liin-1400x717.jpg 1400w, https:\/\/www.asten.ee\/wp-content\/uploads\/2019\/01\/liin-1200x615.jpg 1200w, https:\/\/www.asten.ee\/wp-content\/uploads\/2019\/01\/liin-781x400.jpg 781w, https:\/\/www.asten.ee\/wp-content\/uploads\/2019\/01\/liin-500x256.jpg 500w, https:\/\/www.asten.ee\/wp-content\/uploads\/2019\/01\/liin-768x394.jpg 768w, https:\/\/www.asten.ee\/wp-content\/uploads\/2019\/01\/liin.jpg 1489w\" sizes=\"auto, (max-width: 1400px) 100vw, 1400px\" \/><\/figure><p class=\"has-text-color\" style=\"color: #000000;\"><strong>Mis on uut meie tegemistes vahepeal olnud? <br \/><\/strong>Eelmisel hooajal valmis meie esimene automaatne lahtikaanetusliin, kus mesiniku t\u00f6\u00f6ks j\u00e4\u00e4b praktiliselt vaid nuppu vajutada. T\u00e4psema ning p\u00f5hjalikuma \u00fclevaate automaatsest lahtikaanetusliinist plaanime teha kevadel koos video- ja pildimaterjaliga ning lisame \u00fclevaate tutvumiseks siia samasse blogisse. Varasemad huvilised on alati v\u00e4ga tere tulnud meie tootmisesse T\u00fcri-Allikule kust leiab tutvumiseks valmimisj\u00e4rgus lahtikaanetusliini koos deboxer t\u00f5stemehhanismiga. <br \/>Kes on varasemalt meie uudiskirju lugenud ning kodulehte j\u00e4lginud, siis on kindlasti teadlik, et meie tootevalikus on olemas ka kahte erinevat sorti meesumpasid &#8211; k\u00fcttekaabli ning vees\u00e4rgisoojendusega versioonid.<\/p><p class=\"has-text-color\" style=\"color: #000000;\">Vaadates viimaste p\u00e4evade imeliselt soojasid ilmasid, siis tuleb t\u00f5deda, et kevad ei ole enam kaugel ning suvine mesindushooaeg koputab juba peagi uksele. Kuna valmistame k\u00f5iki tooteid vastavalt tellimustele, siis on tugevalt soovituslik esitada tellimus mesindusinventari valmistamiseks v\u00f5imalikult varakult &#8211; ainult nii saab kindel olla, et mesindusinventar saab suviseks hooajaks valmis!<\/p><p class=\"has-text-color\" style=\"color: #000000;\">Lisaks, <strong>alates veebruar 2019 seisuga ei leia meie tootevalikust enam j\u00e4rgnevaid seadmeid:<\/strong><\/p><ul class=\"wp-block-list\">\r\n<li><strong>V\u00e4ike vahasulataja \/ suur vahasulataja<\/strong><\/li>\r\n<li><strong>Aurugeneraator 4kw \/ Aurugeneraator 6kw<\/strong><\/li>\r\n<\/ul><p class=\"has-text-color\" style=\"color: #000000;\">Kindlasti ei olnud meile kerge otsus kaks mesinikule v\u00e4ga olulist toodet enda tootevalikust eemaldada, aga paraku tuleb t\u00f5deda, et aina kasvavad t\u00f6\u00f6j\u00f5ukulud on viinud olukorrani, kus me ei ole enam suutelised antud seadmeid pakkuma kliendile m\u00f5istliku hinnaga ning seet\u00f5ttu peame kahjuks loobuma nende tootmisest. Selle asemel suuname enda ressurssid toodetele, mis on tehniliselt keerukamad ning pikas persepktiivis suurema kasuteguriga mesinikule. <\/p><p class=\"has-text-color\" style=\"color: #000000;\"><strong>Diskussiooni tekitamiseks &#8211; millised oleks need tooted mida Sina, mesinik, sooviksid n\u00e4ha meie tootevalikus? Kirjuta alla kommentaaridesse enda m\u00f5tted ja soovid.. nii on k\u00f5ige suurem v\u00f5imalus, et saame Sinu soove kuulda v\u00f5tta ja arvestada sellega oma edasises tegevuses.<\/strong><\/p>","protected":false},"excerpt":{"rendered":"<p>Alates 2017 aastast toimuv innovatsioonipreemia v\u00e4ljaandmine toimus reedel, 15. veebruaril toimus L\u00f5una &#8211; Eestis Sangaste lossis Krahv Bergi nimeline innovatsioonipreemia ning au on t\u00f5deda, et kaheksa projekti seas olime nomineeritud ka meie &#8211; Asteni Mesindus. Mesinikuna k\u00f5igi p\u00f5llumeeste keskel s\u00e4rada oli paras v\u00e4ljakutse ning seekord v\u00f5it mesinike hoovi ei tulnud, aga soovime \u00f5nne Saaremaa maaeluedendajatele [&#8230;]\n","protected":false},"author":4267,"featured_media":1668,"comment_status":"closed","ping_status":"closed","sticky":false,"template":"","format":"standard","meta":{"footnotes":""},"categories":[213],"tags":[],"class_list":["post-1665","post","type-post","status-publish","format-standard","has-post-thumbnail","hentry","category-uldine"],"_links":{"self":[{"href":"https:\/\/www.asten.ee\/lv\/wp-json\/wp\/v2\/posts\/1665","targetHints":{"allow":["GET"]}}],"collection":[{"href":"https:\/\/www.asten.ee\/lv\/wp-json\/wp\/v2\/posts"}],"about":[{"href":"https:\/\/www.asten.ee\/lv\/wp-json\/wp\/v2\/types\/post"}],"author":[{"embeddable":true,"href":"https:\/\/www.asten.ee\/lv\/wp-json\/wp\/v2\/users\/4267"}],"replies":[{"embeddable":true,"href":"https:\/\/www.asten.ee\/lv\/wp-json\/wp\/v2\/comments?post=1665"}],"version-history":[{"count":13,"href":"https:\/\/www.asten.ee\/lv\/wp-json\/wp\/v2\/posts\/1665\/revisions"}],"predecessor-version":[{"id":11381,"href":"https:\/\/www.asten.ee\/lv\/wp-json\/wp\/v2\/posts\/1665\/revisions\/11381"}],"wp:featuredmedia":[{"embeddable":true,"href":"https:\/\/www.asten.ee\/lv\/wp-json\/wp\/v2\/media\/1668"}],"wp:attachment":[{"href":"https:\/\/www.asten.ee\/lv\/wp-json\/wp\/v2\/media?parent=1665"}],"wp:term":[{"taxonomy":"category","embeddable":true,"href":"https:\/\/www.asten.ee\/lv\/wp-json\/wp\/v2\/categories?post=1665"},{"taxonomy":"post_tag","embeddable":true,"href":"https:\/\/www.asten.ee\/lv\/wp-json\/wp\/v2\/tags?post=1665"}],"curies":[{"name":"wp","href":"https:\/\/api.w.org\/{rel}","templated":true}]}}