{"id":1743,"date":"2019-03-11T10:52:02","date_gmt":"2019-03-11T10:52:02","guid":{"rendered":"https:\/\/asten.ee\/?p=1743"},"modified":"2021-10-20T06:46:09","modified_gmt":"2021-10-20T06:46:09","slug":"kevade-voi-talve-jatk","status":"publish","type":"post","link":"https:\/\/www.asten.ee\/en\/2019\/03\/11\/kevade-voi-talve-jatk\/","title":{"rendered":"Kevade v\u00f5i talve j\u00e4tk.."},"content":{"rendered":"<p class=\"has-text-color has-very-dark-gray-color\" style=\"text-align: center;\"><strong>Puhastuslend<\/strong><\/p><p class=\"has-text-color has-very-dark-gray-color\">Mesindushooajad kipuvad igal aastal olema eriilmelised ja seda ka t\u00e4navu. P\u00e4ikesepaistelistes ja tuulevaiksetes gruppides tegid mesilased korralikku puhastuslennu kohe peale suuri vabariigi pidustusi, 25. veebruaril. Kui senine minu mesila puhastuslennu rekord oli 28. veebruar, siis n\u00fc\u00fcd on olemas j\u00e4rjekordne rekord! Puhastuslend oli intensiivne ja tugev, mitte mingi h\u00e4daline roojamine. Taru esiseinad olid ilusti puhtad, surnud mesilasi lumel oli v\u00e4he ja roojaplekke v\u00f5is leida lumelt isegi tarudest 20 &#8211; 30m kauguselt. Kas see oli n\u00fc\u00fcd hea v\u00f5i halb ega seda oskagi \u00f6elda&#8230; Kindlasti tekkis ka m\u00f5nes peres peale seda haudmetegevus, aga kui n\u00fc\u00fcd v\u00e4ga pikka k\u00fclmaperioodi ei tule, siis peaks k\u00f5ik korras olema. S\u00f6\u00f6davaru on tarudes rikkalikult ja pered tulevad kevadesse j\u00f5ulistena.<\/p><p class=\"has-text-color has-very-dark-gray-color\">Ajalooliselt on puhastuslendlus minu mesilas olnud aprilli alguses, aga vanemate mesinike meenutuste p\u00f5hjal on l\u00e4hi 50-aasta pikkusel perioodil olnud aastaid, kus puhastulend on toimunud isegi mai alguses. Muidugi t\u00e4navune variant on kindlasti parem, kui maikuused roojased pered.<\/p><p class=\"has-text-color has-very-dark-gray-color\" style=\"text-align: center;\"><strong>Nugiste totaalne r\u00fcnnak<\/strong><\/p><div class=\"wp-block-image\">\r\n<figure class=\"aligncenter\"><img loading=\"lazy\" decoding=\"async\" width=\"600\" height=\"800\" class=\"wp-image-1744\" src=\"https:\/\/asten.ee\/wp-content\/uploads\/2019\/03\/52908635_854825688182205_4242599309515685888_n-600x800.jpg\" alt=\"\" srcset=\"https:\/\/www.asten.ee\/wp-content\/uploads\/2019\/03\/52908635_854825688182205_4242599309515685888_n-600x800.jpg 600w, https:\/\/www.asten.ee\/wp-content\/uploads\/2019\/03\/52908635_854825688182205_4242599309515685888_n-scaled-1200x1600.jpg 1200w, https:\/\/www.asten.ee\/wp-content\/uploads\/2019\/03\/52908635_854825688182205_4242599309515685888_n-300x400.jpg 300w, https:\/\/www.asten.ee\/wp-content\/uploads\/2019\/03\/52908635_854825688182205_4242599309515685888_n-375x500.jpg 375w, https:\/\/www.asten.ee\/wp-content\/uploads\/2019\/03\/52908635_854825688182205_4242599309515685888_n-768x1024.jpg 768w, https:\/\/www.asten.ee\/wp-content\/uploads\/2019\/03\/52908635_854825688182205_4242599309515685888_n-1152x1536.jpg 1152w, https:\/\/www.asten.ee\/wp-content\/uploads\/2019\/03\/52908635_854825688182205_4242599309515685888_n-1536x2048.jpg 1536w, https:\/\/www.asten.ee\/wp-content\/uploads\/2019\/03\/52908635_854825688182205_4242599309515685888_n-scaled.jpg 1920w\" sizes=\"auto, (max-width: 600px) 100vw, 600px\" \/><\/figure>\r\n<\/div><p class=\"has-text-color has-very-dark-gray-color\">Kui puhastuslend justkui kuulutas kevade algust, siis nugiste agressiivne-n\u00e4ljane huvi mesilatarude vastu kinnitab justkui talve j\u00e4tku. Nugiste arvukus on piirkonniti ikka v\u00e4ga kontrolli alt v\u00e4ljas &#8211; on mesilasgruppe kust olen sellel talvel p\u00fc\u00fcdnud juba 6 nugist ja neid on seal veel.. \u00dclep\u00e4evane saak eri kohtadest on hetkel 1-3 nugist p\u00e4evas &#8211; no see ei ole normaalne! <br \/><br \/>Antud juhul n\u00e4itavad j\u00e4llegi mesilased meile k\u00e4tte probleemi t\u00f5siduse, millest muidu looduses liikudes aru ei saakski. Kui looduslikult toimub arvukuse regulatsioon looduses haiguste toel, siis n\u00fc\u00fcd on inimene vahele sekkunud ning nugiste arvukus t\u00f5useb katastroofiliselt. Ajalooliselt on olnud nugise nahk v\u00e4ga hinnatud kehakattena. Erinevate allikate p\u00f5hjal oli nugise naha hind eelmise sajandi alguspoolel v\u00e4\u00e4rt sulase aastapalka v\u00f5i \u00fchte lehma. T\u00e4nasel p\u00e4eval on loomakaitsjast rohelised tekitanud olukorra, kus nugise nahk ei maksa midagi ning jahimeestel puudub huvi nende k\u00fcttimiseks.<br \/><br \/>T\u00e4nu roheliste pealetungile koos agressiivse suhtumisega kasukatesse ja nende kandjatesse (v\u00e4rviga loopimine jms) on n\u00f5udlus erinevate loomanahkade j\u00e4rele tohutult langenud ning seet\u00f5ttu puudub ka jahimeestel huvi ja vajadus k\u00fcttida nugiseid. Kuid eks see j\u00e4\u00e4gu iga inimese enda otsustada milline teguviis on \u00f5igem &#8211; kas l\u00f5petada loodusest k\u00fctitud loomade nahkade kasutamine esemete valmistamiseks v\u00f5i lasta toota enda riided Aasias, mis on valmistatud tehismaterjalidest ning t\u00f6\u00f6tajate poolt kelle t\u00f6\u00f6keskkond on kergelt \u00f6eldes katastroofiline. Kumb see \u00f5igem ja keskonnas\u00e4\u00e4stlikum variant on? <br \/>Samal ajal kui nugiste arvukus massiliselt suureneb, kahaneb aga suurel kiirusel erinevate teiste isendite arvukus &#8211; j\u00e4nesed, oravad jne..<\/p><p class=\"has-text-color has-very-dark-gray-color\">Tegin eelmisel aastal enda jahisektsiooni liikmetele ettepaneku, et iga k\u00fctitud nugise eest annan preemiaks 500g meepurgi, nii ma ka toimisin ja teen ka t\u00e4navu. Ettepanek k\u00f5igile mesinikele &#8211; tehke koost\u00f6\u00f6d kohalike jahimeestega, ka sel juhul kui te olete eesrindlikud ja tarud metallv\u00f5rkudega katnud. Oleme siis v\u00e4hemalt meie, mesinikud, need kes hoolivad n\u00f5rgematest ja aitavad kiskjaid vaos hoida!<\/p><p class=\"has-text-color has-very-dark-gray-color\">Et oleks rohkem linnulaulu!<br \/><br \/>J\u00e4rgmises postituses teeme p\u00f5hjalikuma \u00fclevaate meie tootevaliku \u00fchest v\u00f5imsamast tootest &#8211; 80 raamilisest automaatsest mee lahtikaanetus-vurritusliinist.<\/p>","protected":false},"excerpt":{"rendered":"<p>Puhastuslend Mesindushooajad kipuvad igal aastal olema eriilmelised ja seda ka t\u00e4navu. P\u00e4ikesepaistelistes ja tuulevaiksetes gruppides tegid mesilased korralikku puhastuslennu kohe peale suuri vabariigi pidustusi, 25. veebruaril. Kui senine minu mesila puhastuslennu rekord oli 28. veebruar, siis n\u00fc\u00fcd on olemas j\u00e4rjekordne rekord! Puhastuslend oli intensiivne ja tugev, mitte mingi h\u00e4daline roojamine. Taru esiseinad olid ilusti puhtad, [&#8230;]\n","protected":false},"author":4267,"featured_media":1759,"comment_status":"closed","ping_status":"closed","sticky":false,"template":"","format":"standard","meta":{"footnotes":""},"categories":[213],"tags":[],"class_list":["post-1743","post","type-post","status-publish","format-standard","has-post-thumbnail","hentry","category-uldine"],"_links":{"self":[{"href":"https:\/\/www.asten.ee\/en\/wp-json\/wp\/v2\/posts\/1743","targetHints":{"allow":["GET"]}}],"collection":[{"href":"https:\/\/www.asten.ee\/en\/wp-json\/wp\/v2\/posts"}],"about":[{"href":"https:\/\/www.asten.ee\/en\/wp-json\/wp\/v2\/types\/post"}],"author":[{"embeddable":true,"href":"https:\/\/www.asten.ee\/en\/wp-json\/wp\/v2\/users\/4267"}],"replies":[{"embeddable":true,"href":"https:\/\/www.asten.ee\/en\/wp-json\/wp\/v2\/comments?post=1743"}],"version-history":[{"count":6,"href":"https:\/\/www.asten.ee\/en\/wp-json\/wp\/v2\/posts\/1743\/revisions"}],"predecessor-version":[{"id":11380,"href":"https:\/\/www.asten.ee\/en\/wp-json\/wp\/v2\/posts\/1743\/revisions\/11380"}],"wp:featuredmedia":[{"embeddable":true,"href":"https:\/\/www.asten.ee\/en\/wp-json\/wp\/v2\/media\/1759"}],"wp:attachment":[{"href":"https:\/\/www.asten.ee\/en\/wp-json\/wp\/v2\/media?parent=1743"}],"wp:term":[{"taxonomy":"category","embeddable":true,"href":"https:\/\/www.asten.ee\/en\/wp-json\/wp\/v2\/categories?post=1743"},{"taxonomy":"post_tag","embeddable":true,"href":"https:\/\/www.asten.ee\/en\/wp-json\/wp\/v2\/tags?post=1743"}],"curies":[{"name":"wp","href":"https:\/\/api.w.org\/{rel}","templated":true}]}}